{"id":513,"date":"2025-08-01T21:49:34","date_gmt":"2025-08-01T19:49:34","guid":{"rendered":"https:\/\/gabrielesenft.de\/gabiistisch\/?p=513"},"modified":"2025-08-01T21:49:35","modified_gmt":"2025-08-01T19:49:35","slug":"willkommen-im-august-2025","status":"publish","type":"post","link":"https:\/\/gabrielesenft.de\/gabiistisch\/willkommen-im-august-2025\/","title":{"rendered":"Willkommen im August 2025"},"content":{"rendered":"\n<p><\/p>\n\n\n\n<figure class=\"wp-block-image size-large\"><a href=\"https:\/\/gabrielesenft.de\/gabiistisch\/wp-content\/uploads\/2025\/08\/1945-Hochzeit-Mutter-Vater-2.jpg\"><img loading=\"lazy\" decoding=\"async\" width=\"1024\" height=\"716\" src=\"https:\/\/gabrielesenft.de\/gabiistisch\/wp-content\/uploads\/2025\/08\/1945-Hochzeit-Mutter-Vater-2-1024x716.jpg\" alt=\"\" class=\"wp-image-517\" srcset=\"https:\/\/gabrielesenft.de\/gabiistisch\/wp-content\/uploads\/2025\/08\/1945-Hochzeit-Mutter-Vater-2-1024x716.jpg 1024w, https:\/\/gabrielesenft.de\/gabiistisch\/wp-content\/uploads\/2025\/08\/1945-Hochzeit-Mutter-Vater-2-300x210.jpg 300w, https:\/\/gabrielesenft.de\/gabiistisch\/wp-content\/uploads\/2025\/08\/1945-Hochzeit-Mutter-Vater-2-768x537.jpg 768w, https:\/\/gabrielesenft.de\/gabiistisch\/wp-content\/uploads\/2025\/08\/1945-Hochzeit-Mutter-Vater-2-1536x1074.jpg 1536w, https:\/\/gabrielesenft.de\/gabiistisch\/wp-content\/uploads\/2025\/08\/1945-Hochzeit-Mutter-Vater-2-624x436.jpg 624w, https:\/\/gabrielesenft.de\/gabiistisch\/wp-content\/uploads\/2025\/08\/1945-Hochzeit-Mutter-Vater-2.jpg 2048w\" sizes=\"auto, (max-width: 1024px) 100vw, 1024px\" \/><\/a><figcaption class=\"wp-element-caption\">am  1. August 1945 heirateten meine Eltern<\/figcaption><\/figure>\n\n\n\n<p>Heute mal etwas ganz Pers\u00f6nliches zu diesem Datum.<\/p>\n\n\n\n<p>In unserer Familie war der erste August ein besonderer Tag.<\/p>\n\n\n\n<p>Heute vor 80 Jahren heirateten unsere Eltern. Das wurde sp\u00e4ter mehrmals fr\u00f6hlich und festlich begangen, nicht nur zu den \u00fcblichen festgelegten Daten der Silber-,Goldenen- usw Hochzeit.<\/p>\n\n\n\n<p>Ich hab mit den Jahren mehr und mehr verstanden und gew\u00fcrdigt, mit welcher Entschlossenheit Mutter und Vater kurz nach Kriegsende zusammen f\u00fcr ein besseres Leben wirken wollten, f\u00fcr ein friedliches und gl\u00fcckliches Miteinander mit ihren Kindern, aber nicht nur f\u00fcr das famili\u00e4re, sondern vorrangig f\u00fcr das aller im Land und so weit wie sie es beeinflussen konnten in der Welt.<\/p>\n\n\n\n<p>Alles setzten sie daf\u00fcr ein, zuerst bei den Belziger Gro\u00dfeltern ( Vaters Eltern) und zweien von Mutters Geschwistern. Ihre Eltern waren 1943 nach wiederholter Bombardierung der Wohnung in Ludwigshafen umgekommen. Als \u00e4ltestes von 5 Kindern f\u00fchlte sich meine Mutter f\u00fcr die verwaisten Geschwister verantwortlich und die beiden J\u00fcngsten wagten dann auch, ebenfalls in Belzig, einen Neuanfang.<\/p>\n\n\n\n<p>Die beiden \u00e4lteren waren schon verwurzelt  in Frankfurt am Main und in Ludwigshafen durch Ausbildung und Studium.<\/p>\n\n\n\n<p>Ich m\u00f6chte aber hier vor allem die genannte Hochzeit zum Anlass nehmen,  von der Wirkung von Fotografien auf mich zu erz\u00e4hlen.&nbsp;<\/p>\n\n\n\n<figure class=\"wp-block-image size-large\"><a href=\"https:\/\/gabrielesenft.de\/gabiistisch\/wp-content\/uploads\/2025\/08\/2005-02-18-17-35-42.weich-2-scaled.jpg\"><img loading=\"lazy\" decoding=\"async\" width=\"1024\" height=\"816\" src=\"https:\/\/gabrielesenft.de\/gabiistisch\/wp-content\/uploads\/2025\/08\/2005-02-18-17-35-42.weich-2-1024x816.jpg\" alt=\"\" class=\"wp-image-518\" srcset=\"https:\/\/gabrielesenft.de\/gabiistisch\/wp-content\/uploads\/2025\/08\/2005-02-18-17-35-42.weich-2-1024x816.jpg 1024w, https:\/\/gabrielesenft.de\/gabiistisch\/wp-content\/uploads\/2025\/08\/2005-02-18-17-35-42.weich-2-300x239.jpg 300w, https:\/\/gabrielesenft.de\/gabiistisch\/wp-content\/uploads\/2025\/08\/2005-02-18-17-35-42.weich-2-768x612.jpg 768w, https:\/\/gabrielesenft.de\/gabiistisch\/wp-content\/uploads\/2025\/08\/2005-02-18-17-35-42.weich-2-1536x1224.jpg 1536w, https:\/\/gabrielesenft.de\/gabiistisch\/wp-content\/uploads\/2025\/08\/2005-02-18-17-35-42.weich-2-2048x1632.jpg 2048w, https:\/\/gabrielesenft.de\/gabiistisch\/wp-content\/uploads\/2025\/08\/2005-02-18-17-35-42.weich-2-624x497.jpg 624w\" sizes=\"auto, (max-width: 1024px) 100vw, 1024px\" \/><\/a><figcaption class=\"wp-element-caption\">meine Eltern 1943<\/figcaption><\/figure>\n\n\n\n<p>Da gibt es ein erstes inniges Foto von 1943, meine Eltern im Zug, sie hatten gerade von seinen Eltern die Zusage erhalten, dort ein Zuhause zu finden, auch f\u00fcr Mutters Geschwister. \u00a0 \u00a0 \u00a0 \u00a0 \u00a0 \u00a0 \u00a0                                                                                                                \u00a0 Und dann die Hochzeitsbilder \u2026Mutter in dem wundersch\u00f6nen Kleid, das wir sp\u00e4ter auch heimlich anprobierten, meine Schwester und ich. Die schwarze, schwere k\u00fchlende knisternde Seide kann ich noch sp\u00fcren, wenn ich das Foto betrachte.<\/p>\n\n\n\n<figure class=\"wp-block-image size-large\"><a href=\"https:\/\/gabrielesenft.de\/gabiistisch\/wp-content\/uploads\/2025\/08\/1945-1-scaled.jpg\"><img loading=\"lazy\" decoding=\"async\" width=\"664\" height=\"1024\" src=\"https:\/\/gabrielesenft.de\/gabiistisch\/wp-content\/uploads\/2025\/08\/1945-1-664x1024.jpg\" alt=\"\" class=\"wp-image-516\" srcset=\"https:\/\/gabrielesenft.de\/gabiistisch\/wp-content\/uploads\/2025\/08\/1945-1-664x1024.jpg 664w, https:\/\/gabrielesenft.de\/gabiistisch\/wp-content\/uploads\/2025\/08\/1945-1-195x300.jpg 195w, https:\/\/gabrielesenft.de\/gabiistisch\/wp-content\/uploads\/2025\/08\/1945-1-768x1185.jpg 768w, https:\/\/gabrielesenft.de\/gabiistisch\/wp-content\/uploads\/2025\/08\/1945-1-996x1536.jpg 996w, https:\/\/gabrielesenft.de\/gabiistisch\/wp-content\/uploads\/2025\/08\/1945-1-1328x2048.jpg 1328w, https:\/\/gabrielesenft.de\/gabiistisch\/wp-content\/uploads\/2025\/08\/1945-1-624x962.jpg 624w, https:\/\/gabrielesenft.de\/gabiistisch\/wp-content\/uploads\/2025\/08\/1945-1-scaled.jpg 1660w\" sizes=\"auto, (max-width: 664px) 100vw, 664px\" \/><\/a><figcaption class=\"wp-element-caption\">1.August 1945<\/figcaption><\/figure>\n\n\n\n<figure class=\"wp-block-image size-large\"><a href=\"https:\/\/gabrielesenft.de\/gabiistisch\/wp-content\/uploads\/2025\/08\/2011-Hochzeitskleid-Mutter-scaled.jpg\"><img loading=\"lazy\" decoding=\"async\" width=\"680\" height=\"1024\" src=\"https:\/\/gabrielesenft.de\/gabiistisch\/wp-content\/uploads\/2025\/08\/2011-Hochzeitskleid-Mutter-680x1024.jpg\" alt=\"\" class=\"wp-image-519\" srcset=\"https:\/\/gabrielesenft.de\/gabiistisch\/wp-content\/uploads\/2025\/08\/2011-Hochzeitskleid-Mutter-680x1024.jpg 680w, https:\/\/gabrielesenft.de\/gabiistisch\/wp-content\/uploads\/2025\/08\/2011-Hochzeitskleid-Mutter-199x300.jpg 199w, https:\/\/gabrielesenft.de\/gabiistisch\/wp-content\/uploads\/2025\/08\/2011-Hochzeitskleid-Mutter-768x1156.jpg 768w, https:\/\/gabrielesenft.de\/gabiistisch\/wp-content\/uploads\/2025\/08\/2011-Hochzeitskleid-Mutter-1020x1536.jpg 1020w, https:\/\/gabrielesenft.de\/gabiistisch\/wp-content\/uploads\/2025\/08\/2011-Hochzeitskleid-Mutter-1360x2048.jpg 1360w, https:\/\/gabrielesenft.de\/gabiistisch\/wp-content\/uploads\/2025\/08\/2011-Hochzeitskleid-Mutter-624x939.jpg 624w, https:\/\/gabrielesenft.de\/gabiistisch\/wp-content\/uploads\/2025\/08\/2011-Hochzeitskleid-Mutter-scaled.jpg 1700w\" sizes=\"auto, (max-width: 680px) 100vw, 680px\" \/><\/a><figcaption class=\"wp-element-caption\">Hochzeitskleid meiner Mutter<\/figcaption><\/figure>\n\n\n\n<p>Aber vor allem eine Fotografie hat mich als Kind sehr besch\u00e4ftigt:\u00a0 Die Hochzeit war \u00fcberschattet von der Beerdigung einer Verwandten meines Vaters. Von der gibt es ein Foto als aufgewecktes Schulm\u00e4dchen, das ich oft lange anschaute, denn es erschien mir darauf gleichaltrig. Gisela lacht mich auf dem Foto an. Dieses M\u00e4dchen ist als junge Frau in Treuenbrietzen bei Aufr\u00e4umungsarbeiten in einer Munitionsfabrik ums Leben gekommen. Die Beerdigung war am 1. August, an dem Tag, an dem meine Eltern heirateten.<\/p>\n\n\n\n<figure class=\"wp-block-image size-large\"><a href=\"https:\/\/gabrielesenft.de\/gabiistisch\/wp-content\/uploads\/2025\/08\/1945-Gisela--scaled.jpg\"><img loading=\"lazy\" decoding=\"async\" width=\"1024\" height=\"662\" src=\"https:\/\/gabrielesenft.de\/gabiistisch\/wp-content\/uploads\/2025\/08\/1945-Gisela--1024x662.jpg\" alt=\"\" class=\"wp-image-520\" srcset=\"https:\/\/gabrielesenft.de\/gabiistisch\/wp-content\/uploads\/2025\/08\/1945-Gisela--1024x662.jpg 1024w, https:\/\/gabrielesenft.de\/gabiistisch\/wp-content\/uploads\/2025\/08\/1945-Gisela--300x194.jpg 300w, https:\/\/gabrielesenft.de\/gabiistisch\/wp-content\/uploads\/2025\/08\/1945-Gisela--768x496.jpg 768w, https:\/\/gabrielesenft.de\/gabiistisch\/wp-content\/uploads\/2025\/08\/1945-Gisela--1536x993.jpg 1536w, https:\/\/gabrielesenft.de\/gabiistisch\/wp-content\/uploads\/2025\/08\/1945-Gisela--2048x1324.jpg 2048w, https:\/\/gabrielesenft.de\/gabiistisch\/wp-content\/uploads\/2025\/08\/1945-Gisela--624x403.jpg 624w\" sizes=\"auto, (max-width: 1024px) 100vw, 1024px\" \/><\/a><figcaption class=\"wp-element-caption\">Gisela, eine Verwandte<\/figcaption><\/figure>\n\n\n\n<figure class=\"wp-block-image size-large\"><a href=\"https:\/\/gabrielesenft.de\/gabiistisch\/wp-content\/uploads\/2025\/08\/1945-Text-zu-Giselas-Foto.jpg\"><img loading=\"lazy\" decoding=\"async\" width=\"1024\" height=\"684\" src=\"https:\/\/gabrielesenft.de\/gabiistisch\/wp-content\/uploads\/2025\/08\/1945-Text-zu-Giselas-Foto-1024x684.jpg\" alt=\"\" class=\"wp-image-521\" srcset=\"https:\/\/gabrielesenft.de\/gabiistisch\/wp-content\/uploads\/2025\/08\/1945-Text-zu-Giselas-Foto-1024x684.jpg 1024w, https:\/\/gabrielesenft.de\/gabiistisch\/wp-content\/uploads\/2025\/08\/1945-Text-zu-Giselas-Foto-300x201.jpg 300w, https:\/\/gabrielesenft.de\/gabiistisch\/wp-content\/uploads\/2025\/08\/1945-Text-zu-Giselas-Foto-768x513.jpg 768w, https:\/\/gabrielesenft.de\/gabiistisch\/wp-content\/uploads\/2025\/08\/1945-Text-zu-Giselas-Foto-624x417.jpg 624w, https:\/\/gabrielesenft.de\/gabiistisch\/wp-content\/uploads\/2025\/08\/1945-Text-zu-Giselas-Foto.jpg 1396w\" sizes=\"auto, (max-width: 1024px) 100vw, 1024px\" \/><\/a><figcaption class=\"wp-element-caption\">das ist von meinem Vater auf der R\u00fcckseite des Bildes vermerkt.<\/figcaption><\/figure>\n\n\n\n<p>Als ich 1956 in die Schule kam, wusste ich wenig von all den Kriegsverbrechen, den Millionen Toten\u2026nicht viel mehr als dass ich wegen dem Krieg nur eine Oma und einen Opa hatte, dass die Tanten und Onkel meine Mutter liebevoll \u201eihre Alte\u201c nannten und als ihren Halt betrachteten. Doch auf alle Fragen, bekamen wir ausgiebige Antworten.<\/p>\n\n\n\n<p>Und die Abscheu vor Kriegen mit all seinem verursachten Leid und dass es darauf ankommt, neue zu verhindern, das war tief eingepflanzt, auch durch Familienfotos wie dieses und ihre ausgesandten Signale. Emotionen, geweckt durch nur ein Foto, k\u00f6nnen pr\u00e4gend sein f\u00fcr eine Haltung,\u00a0festigend\u00a0 f\u00fcr\u2019s Leben.<\/p>\n\n\n\n<p>Aber, wenn ich in meinen Negativen nach \u201eSch\u00e4tzen\u201c suche, um fr\u00fchere Bildmomente ans Licht zu holen, um\u00a0 sie mit euch und anderen teilen zu k\u00f6nnen,  bedaure ich nun oft, dass ich zu wenig an Informationen abgespeichert habe. Das m\u00f6chte ich euch heute mit auf den Weg geben, auch aus der Erfahrung, dass ich es leider nur ungen\u00fcgend beachtet habe: jede zeitnahe Notiz ist hilfreich.\u00a0<\/p>\n\n\n\n<p>Und es geh\u00f6rt meistens eine Textzuordnung zum Bild, damit es seine\u00a0 ganze Kraft entfalten kann.<\/p>\n\n\n\n<p>Habt weiter Freude wie ich an den Bildern in den Alben der Fotogalerie, eure Gabriele<\/p>\n","protected":false},"excerpt":{"rendered":"<p>Heute mal etwas ganz Pers\u00f6nliches zu diesem Datum. In unserer Familie war der erste August ein besonderer Tag. Heute vor 80 Jahren heirateten unsere Eltern. Das wurde sp\u00e4ter mehrmals fr\u00f6hlich und festlich begangen, nicht nur zu den \u00fcblichen festgelegten Daten der Silber-,Goldenen- usw Hochzeit. Ich hab mit den Jahren mehr und mehr verstanden und gew\u00fcrdigt, [&hellip;]<\/p>\n","protected":false},"author":2,"featured_media":0,"comment_status":"closed","ping_status":"closed","sticky":false,"template":"","format":"standard","meta":{"footnotes":""},"categories":[1],"tags":[],"class_list":["post-513","post","type-post","status-publish","format-standard","hentry","category-gabiistisches"],"_links":{"self":[{"href":"https:\/\/gabrielesenft.de\/gabiistisch\/wp-json\/wp\/v2\/posts\/513","targetHints":{"allow":["GET"]}}],"collection":[{"href":"https:\/\/gabrielesenft.de\/gabiistisch\/wp-json\/wp\/v2\/posts"}],"about":[{"href":"https:\/\/gabrielesenft.de\/gabiistisch\/wp-json\/wp\/v2\/types\/post"}],"author":[{"embeddable":true,"href":"https:\/\/gabrielesenft.de\/gabiistisch\/wp-json\/wp\/v2\/users\/2"}],"replies":[{"embeddable":true,"href":"https:\/\/gabrielesenft.de\/gabiistisch\/wp-json\/wp\/v2\/comments?post=513"}],"version-history":[{"count":4,"href":"https:\/\/gabrielesenft.de\/gabiistisch\/wp-json\/wp\/v2\/posts\/513\/revisions"}],"predecessor-version":[{"id":524,"href":"https:\/\/gabrielesenft.de\/gabiistisch\/wp-json\/wp\/v2\/posts\/513\/revisions\/524"}],"wp:attachment":[{"href":"https:\/\/gabrielesenft.de\/gabiistisch\/wp-json\/wp\/v2\/media?parent=513"}],"wp:term":[{"taxonomy":"category","embeddable":true,"href":"https:\/\/gabrielesenft.de\/gabiistisch\/wp-json\/wp\/v2\/categories?post=513"},{"taxonomy":"post_tag","embeddable":true,"href":"https:\/\/gabrielesenft.de\/gabiistisch\/wp-json\/wp\/v2\/tags?post=513"}],"curies":[{"name":"wp","href":"https:\/\/api.w.org\/{rel}","templated":true}]}}