{"id":502,"date":"2025-07-03T17:17:02","date_gmt":"2025-07-03T15:17:02","guid":{"rendered":"https:\/\/gabrielesenft.de\/gabiistisch\/?p=502"},"modified":"2025-07-05T00:03:51","modified_gmt":"2025-07-04T22:03:51","slug":"juligruss-2025","status":"publish","type":"post","link":"https:\/\/gabrielesenft.de\/gabiistisch\/juligruss-2025\/","title":{"rendered":"Juligru\u00df  2025"},"content":{"rendered":"\n<figure class=\"wp-block-image size-large is-resized\"><a href=\"https:\/\/gabrielesenft.de\/gabiistisch\/wp-content\/uploads\/2025\/07\/1977-Micha-und-Lothar-1--scaled.jpg\"><img loading=\"lazy\" decoding=\"async\" width=\"666\" height=\"1024\" src=\"https:\/\/gabrielesenft.de\/gabiistisch\/wp-content\/uploads\/2025\/07\/1977-Micha-und-Lothar-1--666x1024.jpg\" alt=\"\" class=\"wp-image-499\" style=\"width:575px;height:auto\" srcset=\"https:\/\/gabrielesenft.de\/gabiistisch\/wp-content\/uploads\/2025\/07\/1977-Micha-und-Lothar-1--666x1024.jpg 666w, https:\/\/gabrielesenft.de\/gabiistisch\/wp-content\/uploads\/2025\/07\/1977-Micha-und-Lothar-1--195x300.jpg 195w, https:\/\/gabrielesenft.de\/gabiistisch\/wp-content\/uploads\/2025\/07\/1977-Micha-und-Lothar-1--768x1182.jpg 768w, https:\/\/gabrielesenft.de\/gabiistisch\/wp-content\/uploads\/2025\/07\/1977-Micha-und-Lothar-1--998x1536.jpg 998w, https:\/\/gabrielesenft.de\/gabiistisch\/wp-content\/uploads\/2025\/07\/1977-Micha-und-Lothar-1--1331x2048.jpg 1331w, https:\/\/gabrielesenft.de\/gabiistisch\/wp-content\/uploads\/2025\/07\/1977-Micha-und-Lothar-1--624x960.jpg 624w, https:\/\/gabrielesenft.de\/gabiistisch\/wp-content\/uploads\/2025\/07\/1977-Micha-und-Lothar-1--scaled.jpg 1664w\" sizes=\"auto, (max-width: 666px) 100vw, 666px\" \/><\/a><figcaption class=\"wp-element-caption\">                                               1977 Ferien auf dem Dar\u00df \u2013 am Weststrand bei Born<\/figcaption><\/figure>\n\n\n\n<p>Hallo liebe website Besucher im Juli,<br \/>Seit Tagen \u00fcberlege ich, welche Julianregungen ich euch am Monatsbeginn hier geben kann, will mein Versprechen halten. <br \/>Es gibt immer mehrere M\u00f6glichkeiten, herumliegende F\u00e4den, die ich einzeln aufnehmen oder auch zu einem Zopf verflechten k\u00f6nnte,&#8230;hmm, sehr poetisch heute, was an den rekordverd\u00e4chtigen Temperaturen liegen mag. An so einen hei\u00dfen Julianfang in Berlin wie diesen 2025 kann ich mich nicht erinnern. Heute ist ja knapp die 40 Grad Grenze verfehlt und fast alle Gedankenenergie ben\u00f6tige ich dazu, wie ich ohne Sonnenstich und Hitzekoller durch den Tag komme, euch wird es \u00e4hnlich gehen.<\/p>\n\n\n\n<p>Ein Faden, die Frage: Wof\u00fcr ist so eine website gut?<br \/>Ich hab sie als eine tolle M\u00f6glichkeit erkannt, endlich meinen auf Festplatten ruhenden Bilddateien, in Regalordnern oder sogar noch in Briefumschl\u00e4gen als Fotonegative schlummernden Bildern (manche hab ich selbst noch nie richtig als Positivfoto angesehen) endlich ein sinnvolles Zuhause zu geben, ein schnell und gut handbares Archiv.<br \/>Bisher war die Suche und Aufarbeitung f\u00fcr eine Nutzung meist tempor\u00e4r. Bilder wurden f\u00fcr eine Ver\u00f6ffentlichung aufbereitet, sind dann aber schnell wieder in den unz\u00e4hligen Speichern wie CD<code>s und DVD<\/code>s, USB Sticks oder Festplatten abgetaucht.<br \/>Nun hoff ich, dass ich Schritt f\u00fcr Schritt (Bild f\u00fcr Bild) eine Ordnung schaffen kann, die sowohl mir als auch euch dauerhaft ein Schaufenster auf meine Arbeit als Fotojournalistin und leidenschaftliche Hinguckerin erm\u00f6glicht.                                                          Klar,<br \/>das kann die Aufbewahrung der Originalnegative und RAW-Dateien nicht ersetzen, weil mit den Jahren sich die Sehgewohnheiten und auch die Bearbeitungstechniken ver\u00e4ndern, aber ich kann, was einen gro\u00dfen Teil meiner Motivation ausmacht, mir wichtige, bleibende Momente mit euch teilen.<\/p>\n\n\n\n<p>Ein weiterer Gedankenfaden:<br \/>Nach der Ausstellung ist vor der Ausstellung. Heute habe ich die letzte wieder im Keller verstaut. Von M\u00e4rz bis Ende Juni gab es meine Pr\u00e4sentation \u201eAnmut, M\u00fche, Leidenschaft, Verstand\u201c, aktive Frauen, aus dreieinhalb Jahrzehnten des gemeinsamen Weges in beiden deutschen Staaten. Im kiezklub Allende in Berlin K\u00f6penick umrahmte sie zahlreiche Veranstaltungen und hatte deshalb viele Besucher, die sie sich sogar mehrmals ansahen. Ansto\u00df zum Nachdenken, wenn ich mit Leuten an den Bildern verweilte und insgesamt ein tolles Echo ist f\u00fcr mich Ermutigung.<br \/>Die \u201eFrauenbilderausstellung\u201c wird darum ein wesentlicher Bestandteil der n\u00e4chsten bleiben, die nun im Entstehen ist. Im Oktober darf ich im Nachbarschaftszentrum in Reinickendorf Fotos zeigen aus drei einhalb Jahrzehnten, die wir in einem gemeinsamen Staat leben. Was erlebten wir, wie stehen wir zueinander &#8230;, Etappen der Wiedervereinigung, sehr spannend.<\/p>\n\n\n\n<p>Ihr seht, es wird f\u00fcr mich auch in Zukunft keinen Tag ohne Besch\u00e4ftigung mit der Fotografie geben, dem Ansporn, Neues, Wunderbares oder auch Anzuprangerndes aufzuzeigen oder fr\u00fcher Erlebtes wieder zu entdecken.<br \/>Einen wundersch\u00f6nen Sommermonat Juli mit abenteuerlichen, sommerlichen Erkundungen und  liebenswerten Begegnungen w\u00fcnscht euch eure Gabriele<\/p>\n\n\n\n<figure class=\"wp-block-gallery has-nested-images columns-default is-cropped wp-block-gallery-1 is-layout-flex wp-block-gallery-is-layout-flex\"><\/figure>\n","protected":false},"excerpt":{"rendered":"<p>Hallo liebe website Besucher im Juli,Seit Tagen \u00fcberlege ich, welche Julianregungen ich euch am Monatsbeginn hier geben kann, will mein Versprechen halten. Es gibt immer mehrere M\u00f6glichkeiten, herumliegende F\u00e4den, die ich einzeln aufnehmen oder auch zu einem Zopf verflechten k\u00f6nnte,&#8230;hmm, sehr poetisch heute, was an den rekordverd\u00e4chtigen Temperaturen liegen mag. An so einen hei\u00dfen Julianfang [&hellip;]<\/p>\n","protected":false},"author":2,"featured_media":0,"comment_status":"closed","ping_status":"closed","sticky":false,"template":"","format":"standard","meta":{"footnotes":""},"categories":[1],"tags":[],"class_list":["post-502","post","type-post","status-publish","format-standard","hentry","category-gabiistisches"],"_links":{"self":[{"href":"https:\/\/gabrielesenft.de\/gabiistisch\/wp-json\/wp\/v2\/posts\/502","targetHints":{"allow":["GET"]}}],"collection":[{"href":"https:\/\/gabrielesenft.de\/gabiistisch\/wp-json\/wp\/v2\/posts"}],"about":[{"href":"https:\/\/gabrielesenft.de\/gabiistisch\/wp-json\/wp\/v2\/types\/post"}],"author":[{"embeddable":true,"href":"https:\/\/gabrielesenft.de\/gabiistisch\/wp-json\/wp\/v2\/users\/2"}],"replies":[{"embeddable":true,"href":"https:\/\/gabrielesenft.de\/gabiistisch\/wp-json\/wp\/v2\/comments?post=502"}],"version-history":[{"count":5,"href":"https:\/\/gabrielesenft.de\/gabiistisch\/wp-json\/wp\/v2\/posts\/502\/revisions"}],"predecessor-version":[{"id":512,"href":"https:\/\/gabrielesenft.de\/gabiistisch\/wp-json\/wp\/v2\/posts\/502\/revisions\/512"}],"wp:attachment":[{"href":"https:\/\/gabrielesenft.de\/gabiistisch\/wp-json\/wp\/v2\/media?parent=502"}],"wp:term":[{"taxonomy":"category","embeddable":true,"href":"https:\/\/gabrielesenft.de\/gabiistisch\/wp-json\/wp\/v2\/categories?post=502"},{"taxonomy":"post_tag","embeddable":true,"href":"https:\/\/gabrielesenft.de\/gabiistisch\/wp-json\/wp\/v2\/tags?post=502"}],"curies":[{"name":"wp","href":"https:\/\/api.w.org\/{rel}","templated":true}]}}