{"id":493,"date":"2025-06-09T00:42:30","date_gmt":"2025-06-08T22:42:30","guid":{"rendered":"https:\/\/gabrielesenft.de\/gabiistisch\/?p=493"},"modified":"2025-06-09T00:42:30","modified_gmt":"2025-06-08T22:42:30","slug":"gedanken-zum-internationalen-kindertag","status":"publish","type":"post","link":"https:\/\/gabrielesenft.de\/gabiistisch\/gedanken-zum-internationalen-kindertag\/","title":{"rendered":"Gedanken zum Internationalen Kindertag"},"content":{"rendered":"\n<figure class=\"wp-block-image size-large\"><a href=\"https:\/\/gabrielesenft.de\/gabiistisch\/wp-content\/uploads\/2025\/03\/011.1993-1.-Mai-neu-Kopie-DeNoiseAI-severe-noise-scaled.jpg\"><img loading=\"lazy\" decoding=\"async\" width=\"1024\" height=\"745\" src=\"https:\/\/gabrielesenft.de\/gabiistisch\/wp-content\/uploads\/2025\/03\/011.1993-1.-Mai-neu-Kopie-DeNoiseAI-severe-noise-1024x745.jpg\" alt=\"\" class=\"wp-image-329\" srcset=\"https:\/\/gabrielesenft.de\/gabiistisch\/wp-content\/uploads\/2025\/03\/011.1993-1.-Mai-neu-Kopie-DeNoiseAI-severe-noise-1024x745.jpg 1024w, https:\/\/gabrielesenft.de\/gabiistisch\/wp-content\/uploads\/2025\/03\/011.1993-1.-Mai-neu-Kopie-DeNoiseAI-severe-noise-300x218.jpg 300w, https:\/\/gabrielesenft.de\/gabiistisch\/wp-content\/uploads\/2025\/03\/011.1993-1.-Mai-neu-Kopie-DeNoiseAI-severe-noise-768x558.jpg 768w, https:\/\/gabrielesenft.de\/gabiistisch\/wp-content\/uploads\/2025\/03\/011.1993-1.-Mai-neu-Kopie-DeNoiseAI-severe-noise-1536x1117.jpg 1536w, https:\/\/gabrielesenft.de\/gabiistisch\/wp-content\/uploads\/2025\/03\/011.1993-1.-Mai-neu-Kopie-DeNoiseAI-severe-noise-2048x1489.jpg 2048w, https:\/\/gabrielesenft.de\/gabiistisch\/wp-content\/uploads\/2025\/03\/011.1993-1.-Mai-neu-Kopie-DeNoiseAI-severe-noise-624x454.jpg 624w\" sizes=\"auto, (max-width: 1024px) 100vw, 1024px\" \/><\/a><\/figure>\n\n\n\n<p>In manchen mir bekannten Gesichtern steht unausgesprochen geschrieben, dass sie mich nicht mehr verstehen k\u00f6nnen. Einigen l\u00e4sst das wie mir keine Ruhe und sie nennen mir wenigstens ihre Gr\u00fcnde daf\u00fcr.<br \/>1999 trugen wir alle die herrliche weisse Friedenstaube auf blauem Grund bei den Aktionen gegen den NATO Krieg gegen Jugoslawien. Darum auch Ermutigung, wenn ich auf Berlins Stra\u00dfen am Autoheck vor mir den Button mit der Friedenstaube sah und einen Gleichgesinnten erkannte\u2026<\/p>\n\n\n\n<p>Ab 2014 wurde sie nun in der Querfront auch von Sympathisanten der AFD voran getragen, umgedeutet, verunglimpft, nun als Symbol mi\u00dfbraucht zu einer B\u00fcndelung einer \u201eneuen Friedensbewegung\u201c des weder links noch rechts, sondern gemeinsam (auch mit in Deutschland sich bekennenden Nazis), angeblich nun &#8222;mit Russland gegen Faschisten in der Ukraine&#8220;.<br \/>Die RT Propaganda hat gewirkt, wirkt zunehmend fort.<br \/>Und eine Zeitung, seit meiner Jugend \u201emeine Zeitung\u201c und sp\u00e4ter nach 1990 sogar drei Jahre mit Freude beruflich mein Arbeitsfeld, ist vollkommen ideologisch auf dieser Linie. Seit 2022 ist dort nach meinem Willen kein aktuelles Foto mehr von mir zu finden.<br \/>Ich habe gemeinsam mit anderen serbische Familien unterst\u00fctzt, die im NATO Krieg gegen Jugoslawien, (an dem deutsche Soldaten beteiligt waren), in Not geraten waren. Und immer betonte ich bei Veranstaltungen, dass ich dabei als Internationalistin und gegen den Krieg handele, auch, weil durch die Beteiligung Deutschlands unheilbringende Weichen gestellt wurden.<br \/>Mitnichten hab ich die Front gewechselt, so wurde mir vorgeworfen, dass ich nun entsetzt war, als Russland einen Krieg in Gang setzte.<br \/>Die Argumente, dass ja schon seit 2014 Krieg herrscht in den \u00f6stlichen Teilen der Ukraine, dort, wo Russland an Einfluss gewann, und auf der Krim neue Tatsachen geschaffen waren, die Gerhard Schr\u00f6der damals l\u00e4chelnd so benannte: -klar sei das v\u00f6lkerrechtswidrig, die Besetzung der Krim durch Putin, aber der h\u00e4tte doch nichts anderes getan als er 1999 in Jugoslawien &#8211; , und damit sei das zu akzeptieren und abgehakt !?<br \/>Rechte Ideologie, Korruption, Streben nach der Macht mit v\u00f6lkischen, nationalistischen Zielen, das m\u00fcssen wir jeden Tag erleben, hier und in anderen L\u00e4ndern, auch in der Ukraine und in Russland. Der Krieg schl\u00e4ft nicht mehr unter einem Apfelbaum, wie Rio es sang. Die R\u00fcstungsindustrie frohlockt, ist doch kein Geheimnis, dass durch milit\u00e4risches Ger\u00e4t am meisten Profit gemacht werden kann.<\/p>\n\n\n\n<p>Und auch immer schon l\u00e4sst sich am besten mit den edelsten Gef\u00fchlen der Menschen spielen, mit der Sorge um das Leben derer, die man besch\u00fctzen will, der Alten, der J\u00fcngsten, derjenigen, die neuem Leben auf die Welt helfen.<br \/>Das wird bis heute als F\u00f6rder-Mittel zum Hassen gebraucht, wie, wenn von Massenvergewaltigungen deutscher Frauen durch die Russen 1945 berichtet wird\u2026<br \/>Ich bin besch\u00e4mt \u00fcber Menschen, die es besser wissen m\u00fcssten, dass es eben zu den Folgen von Kriegen geh\u00f6rt, den Feind zu dem\u00fctigen, mindestens davon zu sprechen. Und ganz sicher mussten Frauen das erleiden. Doch es ist primitiv, es aufbauschend an Zahlen und aufputschend zu verwenden, den Gegner zu entmenschlichen.<br \/>Ich bin traurig, dass eine befreundete Ukrainerin das in den letzten Tagen ebenso umkommentiert \u00fcbernahm als Argument f\u00fcr den Charakter von Russen, nicht bedenkend, dass sie damit auch ihren eigenen Landsleuten, die in der Roten Armee k\u00e4mpften und uns von Faschisten befreiten, Unrecht tut.<\/p>\n\n\n\n<p>Ich empfand immer den Internationalen Kindertag als einen der sch\u00f6nsten Festtage, eigentlich h\u00e4tte der es verdient, als ein Feiertag begangen zu werden.<br \/>Erster Juni &#8211; Internationaler Kindertag!<br \/>Nun trau ich mich kaum, daran zu erinnern, weil es dann ganz sicher Kommentare gibt, ukrainische, serbische Kinder seien mir n\u00e4her als pal\u00e4stinensische, sonst m\u00fcsste ich jetzt \u201egegen den Genozid\u201c auf die Stra\u00dfe gehen.<br \/>Auch das ein gelungenes vorausberechnetes zynisches Kalk\u00fcl der Hamas, derjenigen Verbrecher, denen Leben von Kindern, Frauen, M\u00fcttern, V\u00e4tern, Alten und allen einen Dreck wert ist.<\/p>\n\n\n\n<p>Es lastet der durch Menschen verursachte zu fr\u00fche Tod jedes Menschenlebens auf mir.<br \/>L\u00e4ngst ist die Unbefangenheit vergangener Jahre vorbei, wo der Kindertag als ein Zeichen der Hoffnung auf eine Welt mit mehr Verst\u00e4ndnis f\u00fcreinander mit Kindern und deren Eltern gefeiert wurde.<br \/>Der Traum ist aus\u2026 Doch ich werde alles geben&#8230;<\/p>\n\n\n\n<p>\u00a9 Gabriele Senft \u2013 1. Mai 1990 Gewerkschaftdemonstration in Berlin Unter den Linden<\/p>\n","protected":false},"excerpt":{"rendered":"<p>In manchen mir bekannten Gesichtern steht unausgesprochen geschrieben, dass sie mich nicht mehr verstehen k\u00f6nnen. Einigen l\u00e4sst das wie mir keine Ruhe und sie nennen mir wenigstens ihre Gr\u00fcnde daf\u00fcr.1999 trugen wir alle die herrliche weisse Friedenstaube auf blauem Grund bei den Aktionen gegen den NATO Krieg gegen Jugoslawien. Darum auch Ermutigung, wenn ich auf [&hellip;]<\/p>\n","protected":false},"author":2,"featured_media":0,"comment_status":"closed","ping_status":"closed","sticky":false,"template":"","format":"standard","meta":{"footnotes":""},"categories":[1],"tags":[],"class_list":["post-493","post","type-post","status-publish","format-standard","hentry","category-gabiistisches"],"_links":{"self":[{"href":"https:\/\/gabrielesenft.de\/gabiistisch\/wp-json\/wp\/v2\/posts\/493","targetHints":{"allow":["GET"]}}],"collection":[{"href":"https:\/\/gabrielesenft.de\/gabiistisch\/wp-json\/wp\/v2\/posts"}],"about":[{"href":"https:\/\/gabrielesenft.de\/gabiistisch\/wp-json\/wp\/v2\/types\/post"}],"author":[{"embeddable":true,"href":"https:\/\/gabrielesenft.de\/gabiistisch\/wp-json\/wp\/v2\/users\/2"}],"replies":[{"embeddable":true,"href":"https:\/\/gabrielesenft.de\/gabiistisch\/wp-json\/wp\/v2\/comments?post=493"}],"version-history":[{"count":1,"href":"https:\/\/gabrielesenft.de\/gabiistisch\/wp-json\/wp\/v2\/posts\/493\/revisions"}],"predecessor-version":[{"id":494,"href":"https:\/\/gabrielesenft.de\/gabiistisch\/wp-json\/wp\/v2\/posts\/493\/revisions\/494"}],"wp:attachment":[{"href":"https:\/\/gabrielesenft.de\/gabiistisch\/wp-json\/wp\/v2\/media?parent=493"}],"wp:term":[{"taxonomy":"category","embeddable":true,"href":"https:\/\/gabrielesenft.de\/gabiistisch\/wp-json\/wp\/v2\/categories?post=493"},{"taxonomy":"post_tag","embeddable":true,"href":"https:\/\/gabrielesenft.de\/gabiistisch\/wp-json\/wp\/v2\/tags?post=493"}],"curies":[{"name":"wp","href":"https:\/\/api.w.org\/{rel}","templated":true}]}}