{"id":488,"date":"2025-06-08T19:46:48","date_gmt":"2025-06-08T17:46:48","guid":{"rendered":"https:\/\/gabrielesenft.de\/gabiistisch\/?p=488"},"modified":"2025-06-08T19:46:49","modified_gmt":"2025-06-08T17:46:49","slug":"gedanken-im-juni-2025","status":"publish","type":"post","link":"https:\/\/gabrielesenft.de\/gabiistisch\/gedanken-im-juni-2025\/","title":{"rendered":"Gedanken im Juni 2025"},"content":{"rendered":"\n<figure class=\"wp-block-image size-large\"><a href=\"https:\/\/gabrielesenft.de\/gabiistisch\/wp-content\/uploads\/2025\/06\/IMG_2748-Kopie-2-scaled.jpg\"><img loading=\"lazy\" decoding=\"async\" width=\"730\" height=\"1024\" src=\"https:\/\/gabrielesenft.de\/gabiistisch\/wp-content\/uploads\/2025\/06\/IMG_2748-Kopie-2-730x1024.jpg\" alt=\"\" class=\"wp-image-491\" srcset=\"https:\/\/gabrielesenft.de\/gabiistisch\/wp-content\/uploads\/2025\/06\/IMG_2748-Kopie-2-730x1024.jpg 730w, https:\/\/gabrielesenft.de\/gabiistisch\/wp-content\/uploads\/2025\/06\/IMG_2748-Kopie-2-214x300.jpg 214w, https:\/\/gabrielesenft.de\/gabiistisch\/wp-content\/uploads\/2025\/06\/IMG_2748-Kopie-2-768x1078.jpg 768w, https:\/\/gabrielesenft.de\/gabiistisch\/wp-content\/uploads\/2025\/06\/IMG_2748-Kopie-2-1094x1536.jpg 1094w, https:\/\/gabrielesenft.de\/gabiistisch\/wp-content\/uploads\/2025\/06\/IMG_2748-Kopie-2-1459x2048.jpg 1459w, https:\/\/gabrielesenft.de\/gabiistisch\/wp-content\/uploads\/2025\/06\/IMG_2748-Kopie-2-624x876.jpg 624w, https:\/\/gabrielesenft.de\/gabiistisch\/wp-content\/uploads\/2025\/06\/IMG_2748-Kopie-2-scaled.jpg 1824w\" sizes=\"auto, (max-width: 730px) 100vw, 730px\" \/><\/a><\/figure>\n\n\n\n<p>Jeden Monat m\u00f6chte ich euch, meine Besucher der website, hier im  blog von Herzen begr\u00fc\u00dfen, Zeit&nbsp; und Erlebnisse mit euch teilen.<\/p>\n\n\n\n<p>Der Juni war immer einer der aktivsten Wochen im Jahr, lichte warme Abende, Abschlusspr\u00fcfungen, Kindertag, Lehrertag, Reisen zu einem Patenkinderheim in Serbien und zum Gedenken nach Lidice, Demonstrationen gegen Rassismus und Kriege und f\u00fcr bessere Lebensbedingungen .\u2026und volle Blumenpracht in G\u00e4rten und Wiesen, Vorfreude auf die Sommermonate.<\/p>\n\n\n\n<p>Auch und gerade in dieser von Krisen und Kriegen gesch\u00fcttelten, schmerzenden Gegenwart, die uns alle traumatisiert und mit Schuld belastet, weil wir es nicht verm\u00f6gen, das Leid und das T\u00f6ten abzuwenden und das  uns voneinander isoliert, kann ein Blick auf die Sch\u00f6nheiten in der Natur, aber vor allem Solidarit\u00e4t, Menschlichkeit und auch Erinnern lebensrettend sein. Und dazu soll diese website ein Beitrag sein.<\/p>\n\n\n\n<p>Es w\u00e4re sch\u00f6n, wenn es mir gel\u00e4nge, Fotos aus all meinen aktiven Lebensjahren, in denen ich mit der Kamera unterwegs war, in  Alben unterzubringen und euch und mich damit daran zu erinnern, wie wir lebten, wer alles mit uns unterwegs war und ist, zu sehen was bleibt und weiter g\u00fcltig ist.<\/p>\n\n\n\n<p>Andere schreiben Memoiren, ich m\u00f6chte mein Leben mit gesehenen Augenblicken pr\u00e4sentieren.<\/p>\n\n\n\n<p>Oft macht es mich betroffen, wieviele derjenigen, die ich auf den Bildern ganz lebendig antreffe, wo ich mitten unter ihnen war, allm\u00e4hlich ganz aus meinem Leben verschwunden sind oder mir auch pl\u00f6tzlich entrissen wurden. Umso wichtiger ist es mir, einigen hier einen Platz einzur\u00e4umen, an sie zu erinnern und sie zu ehren.<\/p>\n\n\n\n<p>Das ist immer aufs neue aufregend, herausfordernd und ich versuche, alles so verst\u00e4ndlich wie m\u00f6glich zu ordnen. Daf\u00fcr gibt es noch jede Menge zu lernen.<\/p>\n","protected":false},"excerpt":{"rendered":"<p>Jeden Monat m\u00f6chte ich euch, meine Besucher der website, hier im blog von Herzen begr\u00fc\u00dfen, Zeit&nbsp; und Erlebnisse mit euch teilen. Der Juni war immer einer der aktivsten Wochen im Jahr, lichte warme Abende, Abschlusspr\u00fcfungen, Kindertag, Lehrertag, Reisen zu einem Patenkinderheim in Serbien und zum Gedenken nach Lidice, Demonstrationen gegen Rassismus und Kriege und f\u00fcr [&hellip;]<\/p>\n","protected":false},"author":2,"featured_media":0,"comment_status":"closed","ping_status":"closed","sticky":false,"template":"","format":"standard","meta":{"footnotes":""},"categories":[1],"tags":[],"class_list":["post-488","post","type-post","status-publish","format-standard","hentry","category-gabiistisches"],"_links":{"self":[{"href":"https:\/\/gabrielesenft.de\/gabiistisch\/wp-json\/wp\/v2\/posts\/488","targetHints":{"allow":["GET"]}}],"collection":[{"href":"https:\/\/gabrielesenft.de\/gabiistisch\/wp-json\/wp\/v2\/posts"}],"about":[{"href":"https:\/\/gabrielesenft.de\/gabiistisch\/wp-json\/wp\/v2\/types\/post"}],"author":[{"embeddable":true,"href":"https:\/\/gabrielesenft.de\/gabiistisch\/wp-json\/wp\/v2\/users\/2"}],"replies":[{"embeddable":true,"href":"https:\/\/gabrielesenft.de\/gabiistisch\/wp-json\/wp\/v2\/comments?post=488"}],"version-history":[{"count":2,"href":"https:\/\/gabrielesenft.de\/gabiistisch\/wp-json\/wp\/v2\/posts\/488\/revisions"}],"predecessor-version":[{"id":492,"href":"https:\/\/gabrielesenft.de\/gabiistisch\/wp-json\/wp\/v2\/posts\/488\/revisions\/492"}],"wp:attachment":[{"href":"https:\/\/gabrielesenft.de\/gabiistisch\/wp-json\/wp\/v2\/media?parent=488"}],"wp:term":[{"taxonomy":"category","embeddable":true,"href":"https:\/\/gabrielesenft.de\/gabiistisch\/wp-json\/wp\/v2\/categories?post=488"},{"taxonomy":"post_tag","embeddable":true,"href":"https:\/\/gabrielesenft.de\/gabiistisch\/wp-json\/wp\/v2\/tags?post=488"}],"curies":[{"name":"wp","href":"https:\/\/api.w.org\/{rel}","templated":true}]}}