{"id":434,"date":"2025-05-01T02:26:19","date_gmt":"2025-05-01T00:26:19","guid":{"rendered":"https:\/\/gabrielesenft.de\/gabiistisch\/?p=434"},"modified":"2025-05-01T16:04:47","modified_gmt":"2025-05-01T14:04:47","slug":"gedanken-zum-mai-2025","status":"publish","type":"post","link":"https:\/\/gabrielesenft.de\/gabiistisch\/gedanken-zum-mai-2025\/","title":{"rendered":"Gedanken zum Mai 2025"},"content":{"rendered":"\n<p><\/p>\n\n\n\n<p class=\"has-medium-font-size\">Liebe Freunde und G\u00e4ste meiner website,<img loading=\"lazy\" decoding=\"async\" width=\"1000\" height=\"868\" class=\"wp-image-437\" style=\"width: 1000px;\" src=\"https:\/\/gabrielesenft.de\/gabiistisch\/wp-content\/uploads\/2025\/04\/0087.0067.20200417-15-40-43Strasse-der-Befreiung1-scaled.jpg\" alt=\"Berlin im Fr\u00fchjahr 2020, Alt Friedrichsfelde.\" srcset=\"https:\/\/gabrielesenft.de\/gabiistisch\/wp-content\/uploads\/2025\/04\/0087.0067.20200417-15-40-43Strasse-der-Befreiung1-scaled.jpg 2560w, https:\/\/gabrielesenft.de\/gabiistisch\/wp-content\/uploads\/2025\/04\/0087.0067.20200417-15-40-43Strasse-der-Befreiung1-300x260.jpg 300w, https:\/\/gabrielesenft.de\/gabiistisch\/wp-content\/uploads\/2025\/04\/0087.0067.20200417-15-40-43Strasse-der-Befreiung1-1024x889.jpg 1024w, https:\/\/gabrielesenft.de\/gabiistisch\/wp-content\/uploads\/2025\/04\/0087.0067.20200417-15-40-43Strasse-der-Befreiung1-768x667.jpg 768w, https:\/\/gabrielesenft.de\/gabiistisch\/wp-content\/uploads\/2025\/04\/0087.0067.20200417-15-40-43Strasse-der-Befreiung1-1536x1334.jpg 1536w, https:\/\/gabrielesenft.de\/gabiistisch\/wp-content\/uploads\/2025\/04\/0087.0067.20200417-15-40-43Strasse-der-Befreiung1-2048x1778.jpg 2048w, https:\/\/gabrielesenft.de\/gabiistisch\/wp-content\/uploads\/2025\/04\/0087.0067.20200417-15-40-43Strasse-der-Befreiung1-624x542.jpg 624w\" sizes=\"auto, (max-width: 1000px) 100vw, 1000px\" \/><em> Berlin, Alt Friedrichsfelde im April 201<\/em>5<br \/>Es hat sich seit Jahresbeginn schon zunehmend bemerkbar gemacht in vielen Gedenkveranstaltungen von Mahnung und Erinnerungen und wird nun in diesem Monat seinen H\u00f6hepunkt erreichen. Wesentliche Ereignisse, die vor 80 Jahren Menschen weltweit bewegten, j\u00e4hren sich zum 80. mal. Das Jahr 1945 brachte endlich nach \u00fcber einem Jahrzehnt w\u00fctendem Faschismus und Krieg eine Hoffnung auf Befreiung und Sieg \u00fcber die Europa beherrschenden Unmenschen um Hitler und die deutschen Naziverbrecher und deren Mitl\u00e4ufer.<br \/><br \/>Auf zwei B\u00fccher zu dem Thema m\u00f6chte ich hier eingehen, weil die mich besonders pr\u00e4gten.<br \/><img loading=\"lazy\" decoding=\"async\" width=\"1000\" height=\"1333\" class=\"wp-image-438\" style=\"width: 1000px;\" src=\"https:\/\/gabrielesenft.de\/gabiistisch\/wp-content\/uploads\/2025\/04\/Der-Aufstand-im-Menschen-scaled.jpg\" alt=\"\" srcset=\"https:\/\/gabrielesenft.de\/gabiistisch\/wp-content\/uploads\/2025\/04\/Der-Aufstand-im-Menschen-scaled.jpg 1920w, https:\/\/gabrielesenft.de\/gabiistisch\/wp-content\/uploads\/2025\/04\/Der-Aufstand-im-Menschen-225x300.jpg 225w, https:\/\/gabrielesenft.de\/gabiistisch\/wp-content\/uploads\/2025\/04\/Der-Aufstand-im-Menschen-768x1024.jpg 768w, https:\/\/gabrielesenft.de\/gabiistisch\/wp-content\/uploads\/2025\/04\/Der-Aufstand-im-Menschen-1152x1536.jpg 1152w, https:\/\/gabrielesenft.de\/gabiistisch\/wp-content\/uploads\/2025\/04\/Der-Aufstand-im-Menschen-1536x2048.jpg 1536w, https:\/\/gabrielesenft.de\/gabiistisch\/wp-content\/uploads\/2025\/04\/Der-Aufstand-im-Menschen-624x832.jpg 624w\" sizes=\"auto, (max-width: 1000px) 100vw, 1000px\" \/><br \/>In der DDR erschien1983 ein Buch von Johannes R. Becher. \u201eDer Aufstand im Menschen\u201c. Leider konnte er selbst es nicht vollenden.<br \/>Ich hab dieses Erscheinungsjahr auch deshalb in guter Erinnerung, weil ich das Buch durch meine Eltern kennenlernte, die es sich nach dem Kauf gegenseitig aufgew\u00fchlt vorlasen und mich dabei einbezogen. Daf\u00fcr bin ich ihnen noch heute dankbar. Auch ich hab schon lange eine, inzwischen abgewetzte, zerlesene, mir ans Herz gewachsene Erstausgabe.<br \/>Aus dem Klappentext: <br \/>\u201e \u201cWie ist es m\u00f6glich, da\u00df nach all dem, was wir in zweitausend Jahren an Wissen und Erfahrung gesammelt haben, die Menschheit nicht imstande ist, sich in einen menschlichen Zustand zu versetzen, worin der Krieg ebenso eine unmenschliche Vergangenheit w\u00e4re wie die andauernde Tatsache, da\u00df Menschen nicht satt werden?\u201c<br \/>Diese Frage, die Becher sich und seinen Mitmenschen im Tr\u00fcmmerjahr 1947 stellte, ist heute aktueller denn je \u2013 angesichts fortw\u00e4hrender milit\u00e4rischer Auseinandersetzungen, angesichts eines ins Gigantische gewachsenen R\u00fcstungspotentials, mit dem ein nukleares Inferno inszeniert werden k\u00f6nnte, das alles Leben auf unserem Planeten ausl\u00f6scht. Und noch immer sind deshalb auch die sozialen Gegens\u00e4tze so kra\u00df, da\u00df allj\u00e4hrlich Millionen Menschen Hungers sterben.\u201c<br \/><br \/>Und weiter: \u201eAuf die Grundlage menschlicher Existenz: Krieg oder Frieden, laufen alle \u00dcberlegungen zu, die in diesen hundert kurzen Prosast\u00fccken angestellt werden. <br \/>Mit diesem L e b e n s b u c h, das Fragment blieb und jetzt (1983) erstmals in der urspr\u00fcnglichen Fassung ver\u00f6ffentlicht wird, wollte der Dichter die Verzagten und Entmutigten, die Gleichg\u00fcltigen und Verschreckten, die noch von den verheerenden Folgen des Krieges gezeichnet waren, aufrichten und aufr\u00fctteln. Ausgangspunkt all seiner gleichnishaften Betrachtungen ist f\u00fcr ihn der Tatbestand, da\u00df die \u201ein \u00fcberreichem Ma\u00dfe zur Verf\u00fcgung stehenden technischen, \u00f6konomischen und wissenschaftlichen Mittel\u201c nicht ausschlie\u00dflich zum Wohle des Menschen eingesetzt werden. Darin offenbart sich f\u00fcr ihn die gr\u00f6\u00dfte Ungeheuerlichkeit des Zeitalters mit all seinen daraus resultierenden Absurdit\u00e4ten.\u201c 1. Auflage 1983 Aufbauverlag Berlin und Weimar.<\/p>\n\n\n\n<p><\/p>\n\n\n\n<p class=\"has-text-align-left\"> <img loading=\"lazy\" decoding=\"async\" width=\"1723\" height=\"2560\" class=\"wp-image-441\" style=\"width: px;\" src=\"https:\/\/gabrielesenft.de\/gabiistisch\/wp-content\/uploads\/2025\/05\/2025-04-30-190933-scaled.jpg\" alt=\"\" srcset=\"https:\/\/gabrielesenft.de\/gabiistisch\/wp-content\/uploads\/2025\/05\/2025-04-30-190933-scaled.jpg 1723w, https:\/\/gabrielesenft.de\/gabiistisch\/wp-content\/uploads\/2025\/05\/2025-04-30-190933-202x300.jpg 202w, https:\/\/gabrielesenft.de\/gabiistisch\/wp-content\/uploads\/2025\/05\/2025-04-30-190933-689x1024.jpg 689w, https:\/\/gabrielesenft.de\/gabiistisch\/wp-content\/uploads\/2025\/05\/2025-04-30-190933-768x1141.jpg 768w, https:\/\/gabrielesenft.de\/gabiistisch\/wp-content\/uploads\/2025\/05\/2025-04-30-190933-1034x1536.jpg 1034w, https:\/\/gabrielesenft.de\/gabiistisch\/wp-content\/uploads\/2025\/05\/2025-04-30-190933-1378x2048.jpg 1378w, https:\/\/gabrielesenft.de\/gabiistisch\/wp-content\/uploads\/2025\/05\/2025-04-30-190933-624x927.jpg 624w\" sizes=\"auto, (max-width: 1723px) 100vw, 1723px\" \/><em>Beim Lesen gegen das Vergessen am 10.Mai auf dem Bebelplatz durfte ich 2009 aus dem Buch einen Text vorlesen.<\/em><\/p>\n\n\n\n<p class=\"has-medium-font-size\"><br \/>Das zweite Buch ist im Verlag Wiljo Heinen erschienen und der Ansto\u00df hierzu resultiert auf dem erstgenannten. Es ist ein von mir geschaffener Bildband. All mein Engagement und meine fotografischen F\u00e4higkeiten nutze ich, diese im erstgenannten aufgeworfenen Fragen zu beleuchten und die Motivation der sich f\u00fcr eine weltweite \u00c4chtung von Hass und Krieg einsetzenden Menschen zu st\u00e4rken, mit diesen gemeinsam zu handeln, mit ihnen auch gegen v\u00f6lkische rassistische Tendenzen aufzustehen. <br \/><br \/>Dieses zweite Buch handelt von Geschehenem vor 80 Jahren als es der Sowjetarmee Ende Januar 1945 gelang, \u00fcber die Oder zu setzen und entscheidende Schritte zu wagen, dem 2. Weltkrieg ein Ende zu setzen. Titel \u201cLeuchtend prangten ringsum Apfelbl\u00fcten\u201c.<br \/><img loading=\"lazy\" decoding=\"async\" width=\"1000\" height=\"1501\" class=\"wp-image-439\" style=\"width: 1000px;\" src=\"https:\/\/gabrielesenft.de\/gabiistisch\/wp-content\/uploads\/2025\/05\/20130509-Tag-des-SiegesTrept-691-scaled.jpg\" alt=\"\" srcset=\"https:\/\/gabrielesenft.de\/gabiistisch\/wp-content\/uploads\/2025\/05\/20130509-Tag-des-SiegesTrept-691-scaled.jpg 1705w, https:\/\/gabrielesenft.de\/gabiistisch\/wp-content\/uploads\/2025\/05\/20130509-Tag-des-SiegesTrept-691-200x300.jpg 200w, https:\/\/gabrielesenft.de\/gabiistisch\/wp-content\/uploads\/2025\/05\/20130509-Tag-des-SiegesTrept-691-682x1024.jpg 682w, https:\/\/gabrielesenft.de\/gabiistisch\/wp-content\/uploads\/2025\/05\/20130509-Tag-des-SiegesTrept-691-768x1153.jpg 768w, https:\/\/gabrielesenft.de\/gabiistisch\/wp-content\/uploads\/2025\/05\/20130509-Tag-des-SiegesTrept-691-1023x1536.jpg 1023w, https:\/\/gabrielesenft.de\/gabiistisch\/wp-content\/uploads\/2025\/05\/20130509-Tag-des-SiegesTrept-691-1364x2048.jpg 1364w, https:\/\/gabrielesenft.de\/gabiistisch\/wp-content\/uploads\/2025\/05\/20130509-Tag-des-SiegesTrept-691-624x937.jpg 624w\" sizes=\"auto, (max-width: 1000px) 100vw, 1000px\" \/><br \/><em>8. Mai 2015 im sowjetischen Ehrenmal Treptower Park<\/em><\/p>\n\n\n\n<p class=\"has-medium-font-size\">Es war unser Beitrag zum 75. Jahr der Befreiung der europ\u00e4ischen L\u00e4nder vom Fachismus, gefertigt von Wiljo Heinen und mir. Mehrere Buchvortr\u00e4ge gaben ein Echo, dass es ein gelungener war. Bei ver.di erhielt es damals sogar den Titel: \u201eBuch des Monats\u201c. Jedoch nach dem milit\u00e4rischen \u00dcberschreiten der Grenzen seines Nachbarlandes Ukraine durch Russland im Februar 2022 und zahlreicher unmenschlicher Handlungen der russischen Armee beim Vorr\u00fccken auf die Hauptstadt Kyjiw, war es f\u00fcr mich weitaus schwieriger, meine nach wie vor g\u00fcltige Motivation und feste \u00dcberzeugung, dass wir ein wertvolles Buch geschaffen haben, das Bestand haben wird, anderen zu erkl\u00e4ren. <br \/><br \/>Der Bildband lief und l\u00e4uft Gefahr, wie die meiste politisch links wegweisende Symbolik f\u00fcr Frieden: wie die Friedenstaube, der rote Stern, Bilder gefallener sowjetischer Soldaten, alle Opferbereitschaft sowjetischer Menschen und der Roten Armee im Gro\u00dfen Vaterl\u00e4ndischen Krieg, \u2013 vereinnahmt, mi\u00dfbraucht und \u201ein den Dreck getreten\u201c zu werden.<br \/>Die vorher seit 2014 schwelenden kriegerischen Auseinandersetzungen und die Besetzung der Krim waren, obwohl nat\u00fcrlich wahrgenommen, nicht Thema des Buches, jedoch war es uns sehr wichtig, zwischen der Sowjetunion mit all seinen V\u00f6lkern, die gemeinsam in der Roten Armee k\u00e4mpften und den heutigen handelnden kapitalistischen Staaten zu unterscheiden.<br \/>Die russische Botschaft, der wir 2020 ein Exemplar zusendeten, antwortete ohne Dank mit der Brosch\u00fcre einer Putinrede an den Verlag.<br \/><a href=\"https:\/\/www.gutes-lesen.de\/laden\/apfelblueten\/\">https:\/\/www.gutes-lesen.de\/laden\/apfelblueten\/<\/a><\/p>\n\n\n\n<p class=\"has-medium-font-size\">Im Bildteil der website ist ein Album mit Fotografien (bei Ausstellungen), die ich zum Thema einer Ausstellung und f\u00fcr das Buch 2015 und 2020 anfertigte. Auch daran arbeite ich noch.<br \/><br \/>Ich werde Wort halten und auf meiner website weiter aktiv bleiben und die kommende \u201eBilderflut\u201c (aufbereitete Fotos aus meiner bildjournalistischen Arbeit seit Jahrzehnten und neues) f\u00fcr euch \u00fcbersichtlich und ansehbar zu ordnen.<br \/><br \/><\/p>\n","protected":false},"excerpt":{"rendered":"<p>Liebe Freunde und G\u00e4ste meiner website, Berlin, Alt Friedrichsfelde im April 2015Es hat sich seit Jahresbeginn schon zunehmend bemerkbar gemacht in vielen Gedenkveranstaltungen von Mahnung und Erinnerungen und wird nun in diesem Monat seinen H\u00f6hepunkt erreichen. Wesentliche Ereignisse, die vor 80 Jahren Menschen weltweit bewegten, j\u00e4hren sich zum 80. mal. Das Jahr 1945 brachte endlich [&hellip;]<\/p>\n","protected":false},"author":2,"featured_media":0,"comment_status":"closed","ping_status":"closed","sticky":true,"template":"","format":"standard","meta":{"footnotes":""},"categories":[1],"tags":[],"class_list":["post-434","post","type-post","status-publish","format-standard","hentry","category-gabiistisches"],"_links":{"self":[{"href":"https:\/\/gabrielesenft.de\/gabiistisch\/wp-json\/wp\/v2\/posts\/434","targetHints":{"allow":["GET"]}}],"collection":[{"href":"https:\/\/gabrielesenft.de\/gabiistisch\/wp-json\/wp\/v2\/posts"}],"about":[{"href":"https:\/\/gabrielesenft.de\/gabiistisch\/wp-json\/wp\/v2\/types\/post"}],"author":[{"embeddable":true,"href":"https:\/\/gabrielesenft.de\/gabiistisch\/wp-json\/wp\/v2\/users\/2"}],"replies":[{"embeddable":true,"href":"https:\/\/gabrielesenft.de\/gabiistisch\/wp-json\/wp\/v2\/comments?post=434"}],"version-history":[{"count":16,"href":"https:\/\/gabrielesenft.de\/gabiistisch\/wp-json\/wp\/v2\/posts\/434\/revisions"}],"predecessor-version":[{"id":460,"href":"https:\/\/gabrielesenft.de\/gabiistisch\/wp-json\/wp\/v2\/posts\/434\/revisions\/460"}],"wp:attachment":[{"href":"https:\/\/gabrielesenft.de\/gabiistisch\/wp-json\/wp\/v2\/media?parent=434"}],"wp:term":[{"taxonomy":"category","embeddable":true,"href":"https:\/\/gabrielesenft.de\/gabiistisch\/wp-json\/wp\/v2\/categories?post=434"},{"taxonomy":"post_tag","embeddable":true,"href":"https:\/\/gabrielesenft.de\/gabiistisch\/wp-json\/wp\/v2\/tags?post=434"}],"curies":[{"name":"wp","href":"https:\/\/api.w.org\/{rel}","templated":true}]}}